{"id":2647,"date":"2022-08-27T23:01:02","date_gmt":"2022-08-27T23:01:02","guid":{"rendered":"https:\/\/contabilidadelk.com.br\/?p=2647"},"modified":"2022-08-27T23:13:58","modified_gmt":"2022-08-27T23:13:58","slug":"quem-recebeu-auxilio-emergencial-indevidamente-tera-que-devolver-o-valor-em-dobro","status":"publish","type":"post","link":"https:\/\/contabilidadelk.com.br\/index.php\/2022\/08\/27\/quem-recebeu-auxilio-emergencial-indevidamente-tera-que-devolver-o-valor-em-dobro\/","title":{"rendered":"Quem recebeu Aux\u00edlio Emergencial indevidamente ter\u00e1 que devolver o valor em dobro"},"content":{"rendered":"\n<pre class=\"wp-block-preformatted\"><\/pre>\n\n\n<p>Aux\u00edlio Emergencial \u00e9 um programa de renda m\u00ednima do governo federal brasileiro para os mais vulner\u00e1veis \u200b\u200bdurante a pandemia de Covid-19. <br \/><br \/>O objetivo \u00e9 ajudar os cidad\u00e3os que s\u00e3o afetados economicamente durante a pandemia. O aux\u00edlio emergencial terminou em outubro de 2021, e muitas pessoas que receberam os benef\u00edcios indevidamente ainda n\u00e3o devolveram o dinheiro aos cofres do governo.<\/p>\n<p>Por esse motivo, o deputado Charles Fernandes (PSD-BA) previu o ressarcimento inusitadamente duplo do valor recebido, por meio de sua carta de paternidade 1925\/22.<\/p>\n<p>Se ficar comprovado que a pessoa recebeu aux\u00edlio ocasional, ter\u00e1 que restituir \u00e0 Uni\u00e3o o dobro.<\/p>\n<blockquote>\n<p>\u201cOs candidatos a benefici\u00e1rios s\u00e3o acusados \u200b\u200bde ter agido de m\u00e1-f\u00e9 e recebido aux\u00edlio emergencial sem ter direito ou o fizeram prestando informa\u00e7\u00f5es de forma fraudulenta a um \u00f3rg\u00e3o p\u00fablico respons\u00e1vel pela coleta de dados.\u201d, <em>explicou o vice-ministro.<\/em><\/p>\n<\/blockquote>\n<p>Em outras palavras, os recursos s\u00e3o repassados \u200b\u200bpara pessoas que n\u00e3o atendem aos requisitos do programa, portanto, n\u00e3o ter\u00e3o direito a eles. Naquela \u00e9poca, havia quem alegasse tirar vantagem ocultando informa\u00e7\u00f5es ou transmitindo dados falsos. S\u00e3o essas pessoas que devem devolver o valor recebido em duplicata.<\/p>\n<p>Segundo Fernandes, cerca de 7 milh\u00f5es de pessoas estavam seguradas por benef\u00edcios injustos. Os preju\u00edzos aos cofres p\u00fablicos podem ter chegado a R$ 5 bilh\u00f5es, conforme foi informado pelo TCU (Tribunal de Contas da Uni\u00e3o).<\/p>\n<p><strong>Devolu\u00e7\u00e3o<br \/><\/strong>Segundo proposta do deputado, o Minist\u00e9rio da Cidadania deve enviar ao benefici\u00e1rio uma notifica\u00e7\u00e3o solicitando a devolu\u00e7\u00e3o volunt\u00e1ria dos recursos. Sendo o pedido n\u00e3o atendido, de acordo com o texto, est\u00e1 previsto o desconto da quantia em benef\u00edcios do Instituto Nacional do Seguro Social (INSS) que o trabalhador receba.<\/p>\n<p>N\u00e3o podiam receber o aux\u00edlio emergencial em 2020 quem:<br \/><br \/>\u25baTinha emprego formal ativo;<br \/>\u25baPertencia \u00e0 fam\u00edlia com renda superior a tr\u00eas sal\u00e1rios m\u00ednimos (R$ 3.135,00) ou cuja renda mensal por pessoa fosse maior que meio sal\u00e1rio m\u00ednimo (R$ 522,50);<br \/>\u25baEstivesse recebendo Seguro-Desemprego;<br \/>\u25baEstivesse recebendo benef\u00edcios previdenci\u00e1rios, assistenciais ou benef\u00edcio de transfer\u00eancia de renda federal, com exce\u00e7\u00e3o do Bolsa Fam\u00edlia;<br \/>\u25baRecebia rendimentos tribut\u00e1veis acima do teto de R$ 28.559.70 em 2018, de acordo com declara\u00e7\u00e3o do Imposto de Renda.<\/p>\n<p>Naquele ano, a regra do aux\u00edlio emergencial estabelecia que o benef\u00edcio deveria ser pago a quem estivesse cumprindo os seguintes requisitos:<br \/>\u25baSer maior de 18 anos de idade;<br \/>\u25baN\u00e3o tenha emprego formal ativo;<br \/>\u25baN\u00e3o ter benef\u00edcio do governo, exceto Bolsa Fam\u00edlia;<br \/>\u25baTer renda familiar mensal per capita de at\u00e9 meio sal\u00e1rio-m\u00ednimo ou a renda familiar mensal total de at\u00e9 3 sal\u00e1rios m\u00ednimos (R$ 3.135,00);<br \/><br \/><strong>Deve exercer atividade sendo:<\/strong><br \/>\u25baMEI;<br \/>\u25baContribuinte individual que contribua com:<br \/>\u25ba20% sobre o sal\u00e1rio de contribui\u00e7\u00e3o; ou<br \/>\u25ba11% sobre o sal\u00e1rio de contribui\u00e7\u00e3o, o segurado que trabalhe por conta pr\u00f3pria, sem rela\u00e7\u00e3o de trabalho com empresa ou equiparado;<br \/>\u25baTrabalhador informal, seja empregado, aut\u00f4nomo ou desempregado, inscrito no Cadastro \u00danico (Cad\u00danico) at\u00e9 20 de mar\u00e7o de 2020.<\/p>\n<p>\u00a0<\/p>\n<p>\u00a0<\/p>","protected":false},"excerpt":{"rendered":"<p>Aux\u00edlio Emergencial \u00e9 um programa de renda m\u00ednima do governo federal brasileiro para os mais vulner\u00e1veis \u200b\u200bdurante a pandemia de Covid-19.<\/p>\n","protected":false},"author":1,"featured_media":2648,"comment_status":"closed","ping_status":"closed","sticky":false,"template":"","format":"standard","meta":{"_joinchat":[],"footnotes":""},"categories":[1],"tags":[],"class_list":["post-2647","post","type-post","status-publish","format-standard","has-post-thumbnail","hentry","category-artigos-lk"],"yoast_head":"<!-- This site is optimized with the Yoast SEO plugin v19.7.1 - https:\/\/yoast.com\/wordpress\/plugins\/seo\/ -->\n<title>Quem recebeu Aux\u00edlio Emergencial indevidamente ter\u00e1 que devolver o valor em dobro<\/title>\n<meta name=\"robots\" content=\"index, follow, max-snippet:-1, max-image-preview:large, max-video-preview:-1\" \/>\n<link rel=\"canonical\" href=\"https:\/\/contabilidadelk.com.br\/index.php\/2022\/08\/27\/quem-recebeu-auxilio-emergencial-indevidamente-tera-que-devolver-o-valor-em-dobro\/\" \/>\n<meta property=\"og:locale\" content=\"pt_BR\" \/>\n<meta property=\"og:type\" content=\"article\" \/>\n<meta property=\"og:title\" content=\"Quem recebeu Aux\u00edlio Emergencial indevidamente ter\u00e1 que devolver o valor em dobro\" \/>\n<meta property=\"og:description\" content=\"Aux\u00edlio Emergencial \u00e9 um programa de renda m\u00ednima do governo federal brasileiro para os mais vulner\u00e1veis \u200b\u200bdurante a pandemia de Covid-19.\" \/>\n<meta property=\"og:url\" content=\"https:\/\/contabilidadelk.com.br\/index.php\/2022\/08\/27\/quem-recebeu-auxilio-emergencial-indevidamente-tera-que-devolver-o-valor-em-dobro\/\" \/>\n<meta property=\"og:site_name\" content=\"Contabilidade LK\" \/>\n<meta property=\"article:published_time\" content=\"2022-08-27T23:01:02+00:00\" \/>\n<meta property=\"article:modified_time\" content=\"2022-08-27T23:13:58+00:00\" \/>\n<meta property=\"og:image\" content=\"https:\/\/contabilidadelk.com.br\/wp-content\/uploads\/2022\/08\/uso-cpf-auxilio-emergencial-1024x572-1.jpg\" \/>\n\t<meta property=\"og:image:width\" content=\"1024\" \/>\n\t<meta property=\"og:image:height\" content=\"572\" \/>\n\t<meta property=\"og:image:type\" content=\"image\/jpeg\" \/>\n<meta name=\"author\" content=\"admin\" \/>\n<meta name=\"twitter:card\" content=\"summary_large_image\" \/>\n<meta name=\"twitter:label1\" content=\"Escrito por\" \/>\n\t<meta name=\"twitter:data1\" content=\"admin\" \/>\n\t<meta name=\"twitter:label2\" content=\"Est. tempo de leitura\" \/>\n\t<meta name=\"twitter:data2\" content=\"3 minutos\" \/>\n<script type=\"application\/ld+json\" class=\"yoast-schema-graph\">{\"@context\":\"https:\/\/schema.org\",\"@graph\":[{\"@type\":\"Article\",\"@id\":\"https:\/\/contabilidadelk.com.br\/index.php\/2022\/08\/27\/quem-recebeu-auxilio-emergencial-indevidamente-tera-que-devolver-o-valor-em-dobro\/#article\",\"isPartOf\":{\"@id\":\"https:\/\/contabilidadelk.com.br\/index.php\/2022\/08\/27\/quem-recebeu-auxilio-emergencial-indevidamente-tera-que-devolver-o-valor-em-dobro\/\"},\"author\":{\"name\":\"admin\",\"@id\":\"https:\/\/contabilidadelk.com.br\/#\/schema\/person\/58713b1705bad7c027980c0b9fc8cacb\"},\"headline\":\"Quem recebeu Aux\u00edlio Emergencial indevidamente ter\u00e1 que devolver o valor em dobro\",\"datePublished\":\"2022-08-27T23:01:02+00:00\",\"dateModified\":\"2022-08-27T23:13:58+00:00\",\"mainEntityOfPage\":{\"@id\":\"https:\/\/contabilidadelk.com.br\/index.php\/2022\/08\/27\/quem-recebeu-auxilio-emergencial-indevidamente-tera-que-devolver-o-valor-em-dobro\/\"},\"wordCount\":531,\"publisher\":{\"@id\":\"https:\/\/contabilidadelk.com.br\/#organization\"},\"articleSection\":[\"artigos\"],\"inLanguage\":\"pt-BR\"},{\"@type\":\"WebPage\",\"@id\":\"https:\/\/contabilidadelk.com.br\/index.php\/2022\/08\/27\/quem-recebeu-auxilio-emergencial-indevidamente-tera-que-devolver-o-valor-em-dobro\/\",\"url\":\"https:\/\/contabilidadelk.com.br\/index.php\/2022\/08\/27\/quem-recebeu-auxilio-emergencial-indevidamente-tera-que-devolver-o-valor-em-dobro\/\",\"name\":\"Quem recebeu Aux\u00edlio Emergencial indevidamente ter\u00e1 que devolver o valor em dobro\",\"isPartOf\":{\"@id\":\"https:\/\/contabilidadelk.com.br\/#website\"},\"datePublished\":\"2022-08-27T23:01:02+00:00\",\"dateModified\":\"2022-08-27T23:13:58+00:00\",\"breadcrumb\":{\"@id\":\"https:\/\/contabilidadelk.com.br\/index.php\/2022\/08\/27\/quem-recebeu-auxilio-emergencial-indevidamente-tera-que-devolver-o-valor-em-dobro\/#breadcrumb\"},\"inLanguage\":\"pt-BR\",\"potentialAction\":[{\"@type\":\"ReadAction\",\"target\":[\"https:\/\/contabilidadelk.com.br\/index.php\/2022\/08\/27\/quem-recebeu-auxilio-emergencial-indevidamente-tera-que-devolver-o-valor-em-dobro\/\"]}]},{\"@type\":\"BreadcrumbList\",\"@id\":\"https:\/\/contabilidadelk.com.br\/index.php\/2022\/08\/27\/quem-recebeu-auxilio-emergencial-indevidamente-tera-que-devolver-o-valor-em-dobro\/#breadcrumb\",\"itemListElement\":[{\"@type\":\"ListItem\",\"position\":1,\"name\":\"In\u00edcio\",\"item\":\"https:\/\/contabilidadelk.com.br\/\"},{\"@type\":\"ListItem\",\"position\":2,\"name\":\"Quem recebeu Aux\u00edlio Emergencial indevidamente ter\u00e1 que devolver o valor em dobro\"}]},{\"@type\":\"WebSite\",\"@id\":\"https:\/\/contabilidadelk.com.br\/#website\",\"url\":\"https:\/\/contabilidadelk.com.br\/\",\"name\":\"Contabilidade LK\",\"description\":\"\",\"publisher\":{\"@id\":\"https:\/\/contabilidadelk.com.br\/#organization\"},\"potentialAction\":[{\"@type\":\"SearchAction\",\"target\":{\"@type\":\"EntryPoint\",\"urlTemplate\":\"https:\/\/contabilidadelk.com.br\/?s={search_term_string}\"},\"query-input\":\"required name=search_term_string\"}],\"inLanguage\":\"pt-BR\"},{\"@type\":\"Organization\",\"@id\":\"https:\/\/contabilidadelk.com.br\/#organization\",\"name\":\"Contabilidade LK\",\"url\":\"https:\/\/contabilidadelk.com.br\/\",\"sameAs\":[],\"logo\":{\"@type\":\"ImageObject\",\"inLanguage\":\"pt-BR\",\"@id\":\"https:\/\/contabilidadelk.com.br\/#\/schema\/logo\/image\/\",\"url\":\"https:\/\/contabilidadelk.com.br\/wp-content\/uploads\/2022\/07\/logo-geral-site.png\",\"contentUrl\":\"https:\/\/contabilidadelk.com.br\/wp-content\/uploads\/2022\/07\/logo-geral-site.png\",\"width\":500,\"height\":180,\"caption\":\"Contabilidade LK\"},\"image\":{\"@id\":\"https:\/\/contabilidadelk.com.br\/#\/schema\/logo\/image\/\"}},{\"@type\":\"Person\",\"@id\":\"https:\/\/contabilidadelk.com.br\/#\/schema\/person\/58713b1705bad7c027980c0b9fc8cacb\",\"name\":\"admin\",\"image\":{\"@type\":\"ImageObject\",\"inLanguage\":\"pt-BR\",\"@id\":\"https:\/\/contabilidadelk.com.br\/#\/schema\/person\/image\/\",\"url\":\"https:\/\/secure.gravatar.com\/avatar\/ed801879ef4fe60ae375724d53e053a76f620cfc5cc4f10394db5de0d2f040ab?s=96&d=mm&r=g\",\"contentUrl\":\"https:\/\/secure.gravatar.com\/avatar\/ed801879ef4fe60ae375724d53e053a76f620cfc5cc4f10394db5de0d2f040ab?s=96&d=mm&r=g\",\"caption\":\"admin\"},\"sameAs\":[\"https:\/\/contabilidadelk.com.br\"],\"url\":\"https:\/\/contabilidadelk.com.br\/index.php\/author\/tecnocorpadmin\/\"}]}<\/script>\n<!-- \/ Yoast SEO plugin. -->","yoast_head_json":{"title":"Quem recebeu Aux\u00edlio Emergencial indevidamente ter\u00e1 que devolver o valor em dobro","robots":{"index":"index","follow":"follow","max-snippet":"max-snippet:-1","max-image-preview":"max-image-preview:large","max-video-preview":"max-video-preview:-1"},"canonical":"https:\/\/contabilidadelk.com.br\/index.php\/2022\/08\/27\/quem-recebeu-auxilio-emergencial-indevidamente-tera-que-devolver-o-valor-em-dobro\/","og_locale":"pt_BR","og_type":"article","og_title":"Quem recebeu Aux\u00edlio Emergencial indevidamente ter\u00e1 que devolver o valor em dobro","og_description":"Aux\u00edlio Emergencial \u00e9 um programa de renda m\u00ednima do governo federal brasileiro para os mais vulner\u00e1veis \u200b\u200bdurante a pandemia de Covid-19.","og_url":"https:\/\/contabilidadelk.com.br\/index.php\/2022\/08\/27\/quem-recebeu-auxilio-emergencial-indevidamente-tera-que-devolver-o-valor-em-dobro\/","og_site_name":"Contabilidade LK","article_published_time":"2022-08-27T23:01:02+00:00","article_modified_time":"2022-08-27T23:13:58+00:00","og_image":[{"width":1024,"height":572,"url":"https:\/\/contabilidadelk.com.br\/wp-content\/uploads\/2022\/08\/uso-cpf-auxilio-emergencial-1024x572-1.jpg","type":"image\/jpeg"}],"author":"admin","twitter_card":"summary_large_image","twitter_misc":{"Escrito por":"admin","Est. tempo de leitura":"3 minutos"},"schema":{"@context":"https:\/\/schema.org","@graph":[{"@type":"Article","@id":"https:\/\/contabilidadelk.com.br\/index.php\/2022\/08\/27\/quem-recebeu-auxilio-emergencial-indevidamente-tera-que-devolver-o-valor-em-dobro\/#article","isPartOf":{"@id":"https:\/\/contabilidadelk.com.br\/index.php\/2022\/08\/27\/quem-recebeu-auxilio-emergencial-indevidamente-tera-que-devolver-o-valor-em-dobro\/"},"author":{"name":"admin","@id":"https:\/\/contabilidadelk.com.br\/#\/schema\/person\/58713b1705bad7c027980c0b9fc8cacb"},"headline":"Quem recebeu Aux\u00edlio Emergencial indevidamente ter\u00e1 que devolver o valor em dobro","datePublished":"2022-08-27T23:01:02+00:00","dateModified":"2022-08-27T23:13:58+00:00","mainEntityOfPage":{"@id":"https:\/\/contabilidadelk.com.br\/index.php\/2022\/08\/27\/quem-recebeu-auxilio-emergencial-indevidamente-tera-que-devolver-o-valor-em-dobro\/"},"wordCount":531,"publisher":{"@id":"https:\/\/contabilidadelk.com.br\/#organization"},"articleSection":["artigos"],"inLanguage":"pt-BR"},{"@type":"WebPage","@id":"https:\/\/contabilidadelk.com.br\/index.php\/2022\/08\/27\/quem-recebeu-auxilio-emergencial-indevidamente-tera-que-devolver-o-valor-em-dobro\/","url":"https:\/\/contabilidadelk.com.br\/index.php\/2022\/08\/27\/quem-recebeu-auxilio-emergencial-indevidamente-tera-que-devolver-o-valor-em-dobro\/","name":"Quem recebeu Aux\u00edlio Emergencial indevidamente ter\u00e1 que devolver o valor em dobro","isPartOf":{"@id":"https:\/\/contabilidadelk.com.br\/#website"},"datePublished":"2022-08-27T23:01:02+00:00","dateModified":"2022-08-27T23:13:58+00:00","breadcrumb":{"@id":"https:\/\/contabilidadelk.com.br\/index.php\/2022\/08\/27\/quem-recebeu-auxilio-emergencial-indevidamente-tera-que-devolver-o-valor-em-dobro\/#breadcrumb"},"inLanguage":"pt-BR","potentialAction":[{"@type":"ReadAction","target":["https:\/\/contabilidadelk.com.br\/index.php\/2022\/08\/27\/quem-recebeu-auxilio-emergencial-indevidamente-tera-que-devolver-o-valor-em-dobro\/"]}]},{"@type":"BreadcrumbList","@id":"https:\/\/contabilidadelk.com.br\/index.php\/2022\/08\/27\/quem-recebeu-auxilio-emergencial-indevidamente-tera-que-devolver-o-valor-em-dobro\/#breadcrumb","itemListElement":[{"@type":"ListItem","position":1,"name":"In\u00edcio","item":"https:\/\/contabilidadelk.com.br\/"},{"@type":"ListItem","position":2,"name":"Quem recebeu Aux\u00edlio Emergencial indevidamente ter\u00e1 que devolver o valor em dobro"}]},{"@type":"WebSite","@id":"https:\/\/contabilidadelk.com.br\/#website","url":"https:\/\/contabilidadelk.com.br\/","name":"Contabilidade LK","description":"","publisher":{"@id":"https:\/\/contabilidadelk.com.br\/#organization"},"potentialAction":[{"@type":"SearchAction","target":{"@type":"EntryPoint","urlTemplate":"https:\/\/contabilidadelk.com.br\/?s={search_term_string}"},"query-input":"required name=search_term_string"}],"inLanguage":"pt-BR"},{"@type":"Organization","@id":"https:\/\/contabilidadelk.com.br\/#organization","name":"Contabilidade LK","url":"https:\/\/contabilidadelk.com.br\/","sameAs":[],"logo":{"@type":"ImageObject","inLanguage":"pt-BR","@id":"https:\/\/contabilidadelk.com.br\/#\/schema\/logo\/image\/","url":"https:\/\/contabilidadelk.com.br\/wp-content\/uploads\/2022\/07\/logo-geral-site.png","contentUrl":"https:\/\/contabilidadelk.com.br\/wp-content\/uploads\/2022\/07\/logo-geral-site.png","width":500,"height":180,"caption":"Contabilidade LK"},"image":{"@id":"https:\/\/contabilidadelk.com.br\/#\/schema\/logo\/image\/"}},{"@type":"Person","@id":"https:\/\/contabilidadelk.com.br\/#\/schema\/person\/58713b1705bad7c027980c0b9fc8cacb","name":"admin","image":{"@type":"ImageObject","inLanguage":"pt-BR","@id":"https:\/\/contabilidadelk.com.br\/#\/schema\/person\/image\/","url":"https:\/\/secure.gravatar.com\/avatar\/ed801879ef4fe60ae375724d53e053a76f620cfc5cc4f10394db5de0d2f040ab?s=96&d=mm&r=g","contentUrl":"https:\/\/secure.gravatar.com\/avatar\/ed801879ef4fe60ae375724d53e053a76f620cfc5cc4f10394db5de0d2f040ab?s=96&d=mm&r=g","caption":"admin"},"sameAs":["https:\/\/contabilidadelk.com.br"],"url":"https:\/\/contabilidadelk.com.br\/index.php\/author\/tecnocorpadmin\/"}]}},"_links":{"self":[{"href":"https:\/\/contabilidadelk.com.br\/index.php\/wp-json\/wp\/v2\/posts\/2647","targetHints":{"allow":["GET"]}}],"collection":[{"href":"https:\/\/contabilidadelk.com.br\/index.php\/wp-json\/wp\/v2\/posts"}],"about":[{"href":"https:\/\/contabilidadelk.com.br\/index.php\/wp-json\/wp\/v2\/types\/post"}],"author":[{"embeddable":true,"href":"https:\/\/contabilidadelk.com.br\/index.php\/wp-json\/wp\/v2\/users\/1"}],"replies":[{"embeddable":true,"href":"https:\/\/contabilidadelk.com.br\/index.php\/wp-json\/wp\/v2\/comments?post=2647"}],"version-history":[{"count":1,"href":"https:\/\/contabilidadelk.com.br\/index.php\/wp-json\/wp\/v2\/posts\/2647\/revisions"}],"predecessor-version":[{"id":2649,"href":"https:\/\/contabilidadelk.com.br\/index.php\/wp-json\/wp\/v2\/posts\/2647\/revisions\/2649"}],"wp:featuredmedia":[{"embeddable":true,"href":"https:\/\/contabilidadelk.com.br\/index.php\/wp-json\/wp\/v2\/media\/2648"}],"wp:attachment":[{"href":"https:\/\/contabilidadelk.com.br\/index.php\/wp-json\/wp\/v2\/media?parent=2647"}],"wp:term":[{"taxonomy":"category","embeddable":true,"href":"https:\/\/contabilidadelk.com.br\/index.php\/wp-json\/wp\/v2\/categories?post=2647"},{"taxonomy":"post_tag","embeddable":true,"href":"https:\/\/contabilidadelk.com.br\/index.php\/wp-json\/wp\/v2\/tags?post=2647"}],"curies":[{"name":"wp","href":"https:\/\/api.w.org\/{rel}","templated":true}]}}